{"id":2926,"date":"2026-04-24T13:50:13","date_gmt":"2026-04-24T17:50:13","guid":{"rendered":"https:\/\/yachay.org.bo\/?p=2926"},"modified":"2026-04-24T13:50:53","modified_gmt":"2026-04-24T17:50:53","slug":"dia-municipal-contra-la-violencia-hacia-ninas-ninos-y-adolescentes-en-el-municipio-de-sacaba","status":"publish","type":"post","link":"https:\/\/yachay.org.bo\/?p=2926","title":{"rendered":"D\u00eda Municipal contra la Violencia hacia Ni\u00f1as, Ni\u00f1os y Adolescentes en el Municipio de Sacaba"},"content":{"rendered":"\n<p>Las Promotoras Comunitarias de Lucha contra la Violencia junto a las instituciones afiliadas a la Red Interinstitucional Contra la Violencia Sacaba se movilizaron para socializar los alcances de la Ley Municipal N\u00b0 445\/2026, que institucionaliza el \u201cD\u00eda Municipal contra la Violencia hacia Ni\u00f1as, Ni\u00f1os y Adolescentes\u201d. Esta norma establece que cada 25 de abril se desarrollar\u00e1n, de manera permanente, actividades de sensibilizaci\u00f3n, prevenci\u00f3n y promoci\u00f3n de derechos, consolidando un espacio anual de reflexi\u00f3n y acci\u00f3n ciudadana frente a la violencia.<\/p>\n\n\n\n<p>Las organizaciones sociales, instituciones y autoridades locales afiliadas a la Red se concentraron en la puerta del Juzgado para participar de un plant\u00f3n y una marcha exigiendo justicia visibilizando la problem\u00e1tica de la violencia infantil y adolescente, as\u00ed como exigir el cumplimiento de la normativa vigente.<\/p>\n\n\n\n<p>Durante la jornada tambi\u00e9n se realizaron espacios de socializaci\u00f3n de la Ley, donde se explic\u00f3 a la poblaci\u00f3n los alcances de la norma, sus mecanismos de denuncia y las responsabilidades de las instituciones en la protecci\u00f3n de la ni\u00f1ez y adolescencia.<\/p>\n\n\n\n<p>#BruderUndSchwesterinNot #DKAAustria #ADVENIAT<\/p>\n\n\n\n<figure class=\"wp-block-gallery has-nested-images columns-default is-cropped wp-block-gallery-1 is-layout-flex wp-block-gallery-is-layout-flex\">\n<figure class=\"wp-block-image size-large\"><img loading=\"lazy\" decoding=\"async\" width=\"959\" height=\"956\" data-id=\"2927\" src=\"https:\/\/yachay.org.bo\/wp-content\/uploads\/2026\/04\/instagram-y-web-5.jpg\" alt=\"\" class=\"wp-image-2927\" srcset=\"https:\/\/yachay.org.bo\/wp-content\/uploads\/2026\/04\/instagram-y-web-5.jpg 959w, https:\/\/yachay.org.bo\/wp-content\/uploads\/2026\/04\/instagram-y-web-5-300x300.jpg 300w, https:\/\/yachay.org.bo\/wp-content\/uploads\/2026\/04\/instagram-y-web-5-150x150.jpg 150w, https:\/\/yachay.org.bo\/wp-content\/uploads\/2026\/04\/instagram-y-web-5-768x766.jpg 768w, https:\/\/yachay.org.bo\/wp-content\/uploads\/2026\/04\/instagram-y-web-5-270x270.jpg 270w, https:\/\/yachay.org.bo\/wp-content\/uploads\/2026\/04\/instagram-y-web-5-230x230.jpg 230w, https:\/\/yachay.org.bo\/wp-content\/uploads\/2026\/04\/instagram-y-web-5-45x45.jpg 45w, https:\/\/yachay.org.bo\/wp-content\/uploads\/2026\/04\/instagram-y-web-5-600x598.jpg 600w, https:\/\/yachay.org.bo\/wp-content\/uploads\/2026\/04\/instagram-y-web-5-100x100.jpg 100w\" sizes=\"(max-width: 959px) 100vw, 959px\" \/><\/figure>\n<\/figure>\n","protected":false},"excerpt":{"rendered":"<p>Las Promotoras Comunitarias de Lucha contra la Violencia junto a las instituciones afiliadas a la Red Interinstitucional Contra la Violencia Sacaba se movilizaron para socializar los alcances de la Ley Municipal N\u00b0 445\/2026, que institucionaliza el \u201cD\u00eda Municipal contra la<\/p>\n","protected":false},"author":3,"featured_media":2927,"comment_status":"open","ping_status":"open","sticky":false,"template":"","format":"standard","meta":{"_monsterinsights_skip_tracking":false,"_monsterinsights_sitenote_active":false,"_monsterinsights_sitenote_note":"","_monsterinsights_sitenote_category":0,"footnotes":""},"categories":[1],"tags":[],"aioseo_notices":[],"_links":{"self":[{"href":"https:\/\/yachay.org.bo\/index.php?rest_route=\/wp\/v2\/posts\/2926"}],"collection":[{"href":"https:\/\/yachay.org.bo\/index.php?rest_route=\/wp\/v2\/posts"}],"about":[{"href":"https:\/\/yachay.org.bo\/index.php?rest_route=\/wp\/v2\/types\/post"}],"author":[{"embeddable":true,"href":"https:\/\/yachay.org.bo\/index.php?rest_route=\/wp\/v2\/users\/3"}],"replies":[{"embeddable":true,"href":"https:\/\/yachay.org.bo\/index.php?rest_route=%2Fwp%2Fv2%2Fcomments&post=2926"}],"version-history":[{"count":2,"href":"https:\/\/yachay.org.bo\/index.php?rest_route=\/wp\/v2\/posts\/2926\/revisions"}],"predecessor-version":[{"id":2929,"href":"https:\/\/yachay.org.bo\/index.php?rest_route=\/wp\/v2\/posts\/2926\/revisions\/2929"}],"wp:featuredmedia":[{"embeddable":true,"href":"https:\/\/yachay.org.bo\/index.php?rest_route=\/wp\/v2\/media\/2927"}],"wp:attachment":[{"href":"https:\/\/yachay.org.bo\/index.php?rest_route=%2Fwp%2Fv2%2Fmedia&parent=2926"}],"wp:term":[{"taxonomy":"category","embeddable":true,"href":"https:\/\/yachay.org.bo\/index.php?rest_route=%2Fwp%2Fv2%2Fcategories&post=2926"},{"taxonomy":"post_tag","embeddable":true,"href":"https:\/\/yachay.org.bo\/index.php?rest_route=%2Fwp%2Fv2%2Ftags&post=2926"}],"curies":[{"name":"wp","href":"https:\/\/api.w.org\/{rel}","templated":true}]}}