{"id":2919,"date":"2026-04-17T16:32:45","date_gmt":"2026-04-17T20:32:45","guid":{"rendered":"https:\/\/yachay.org.bo\/?p=2919"},"modified":"2026-04-17T16:32:46","modified_gmt":"2026-04-17T20:32:46","slug":"dia-mundial-del-emprendedor-16-de-abril","status":"publish","type":"post","link":"https:\/\/yachay.org.bo\/?p=2919","title":{"rendered":"D\u00eda Mundial del Emprendedor 16 de abril"},"content":{"rendered":"\n<h1 class=\"wp-block-heading\"><\/h1>\n\n\n\n<p>Cada 16 de abril se conmemora el D\u00eda Mundial del Emprendedor, establecido por la ONU como una jornada para reconocer y fortalecer el papel de quienes impulsan la innovaci\u00f3n y el desarrollo econ\u00f3mico.<\/p>\n\n\n\n<p>Este D\u00eda busca visibilizar el impacto de los emprendedores en la econom\u00eda local, nacional y global. Sacaba cuenta con la Ley Municipal de Fomento al Emprendimiento para el Desarrollo Econ\u00f3mico de Sacaba (Ley 401\/2025).<\/p>\n\n\n\n<p>En este marco participamos junto a nuestros emprendimientos y las Promotoras Comunitarias Contra la Violencia de la Feria Municipal del Emprendedor Micro y Peque\u00f1o Empresario sacabe\u00f1o en la plaza principal 6 de agosto.<\/p>\n\n\n\n<p>Con el siguiente objetivo:<\/p>\n\n\n\n<p>Promover la labor de los emprendedores, impulsar la producci\u00f3n local e incentivar el consumo de productos elaborados en el municipio. La feria busca generar espacios de promoci\u00f3n, exposici\u00f3n y articulaci\u00f3n entre Mypes e instituciones p\u00fablicas y privadas.<br>Este esfuerzo pretende consolidar a Sacaba como un referente de dinamismo econ\u00f3mico, creatividad y compromiso con el desarrollo sostenible.<\/p>\n\n\n\n<p>Participaron:<\/p>\n\n\n\n<ol>\n<li>Emprendimientos<br>\u2022 Santa Rita Rodeo<br>\u2022 Cheesy<\/li>\n\n\n\n<li>Promotoras Comunitarias de Lucha Contra la Violencia<\/li>\n<\/ol>\n\n\n\n<p>Las promotoras comunitarias no solo trabajan en prevenci\u00f3n de la violencia; sino que impulsan sus propios negocios; fortalecen las iniciativas de otras mujeres, generando espacios de apoyo mutuo y comercializaci\u00f3n, ampliando sus oportunidades de crecimiento y sostenibilidad.<\/p>\n\n\n\n<ol start=\"3\">\n<li>Centros Municipales<br>o Reposter\u00eda con Arte,<br>o Secret Cereal,<br>o Cielo Az\u00facar y<br>o La Dulce Vanessa.<\/li>\n<\/ol>\n\n\n\n<figure class=\"wp-block-image size-full\"><img loading=\"lazy\" decoding=\"async\" width=\"959\" height=\"956\" src=\"https:\/\/yachay.org.bo\/wp-content\/uploads\/2026\/04\/instagram-y-web-3.jpg\" alt=\"\" class=\"wp-image-2920\" srcset=\"https:\/\/yachay.org.bo\/wp-content\/uploads\/2026\/04\/instagram-y-web-3.jpg 959w, https:\/\/yachay.org.bo\/wp-content\/uploads\/2026\/04\/instagram-y-web-3-300x300.jpg 300w, https:\/\/yachay.org.bo\/wp-content\/uploads\/2026\/04\/instagram-y-web-3-150x150.jpg 150w, https:\/\/yachay.org.bo\/wp-content\/uploads\/2026\/04\/instagram-y-web-3-768x766.jpg 768w, https:\/\/yachay.org.bo\/wp-content\/uploads\/2026\/04\/instagram-y-web-3-270x270.jpg 270w, https:\/\/yachay.org.bo\/wp-content\/uploads\/2026\/04\/instagram-y-web-3-230x230.jpg 230w, https:\/\/yachay.org.bo\/wp-content\/uploads\/2026\/04\/instagram-y-web-3-45x45.jpg 45w, https:\/\/yachay.org.bo\/wp-content\/uploads\/2026\/04\/instagram-y-web-3-600x598.jpg 600w, https:\/\/yachay.org.bo\/wp-content\/uploads\/2026\/04\/instagram-y-web-3-100x100.jpg 100w\" sizes=\"(max-width: 959px) 100vw, 959px\" \/><\/figure>\n","protected":false},"excerpt":{"rendered":"<p>Cada 16 de abril se conmemora el D\u00eda Mundial del Emprendedor, establecido por la ONU como una jornada para reconocer y fortalecer el papel de quienes impulsan la innovaci\u00f3n y el desarrollo econ\u00f3mico. Este D\u00eda busca visibilizar el impacto de<\/p>\n","protected":false},"author":3,"featured_media":2920,"comment_status":"open","ping_status":"open","sticky":false,"template":"","format":"standard","meta":{"_monsterinsights_skip_tracking":false,"_monsterinsights_sitenote_active":false,"_monsterinsights_sitenote_note":"","_monsterinsights_sitenote_category":0,"footnotes":""},"categories":[1],"tags":[],"aioseo_notices":[],"_links":{"self":[{"href":"https:\/\/yachay.org.bo\/index.php?rest_route=\/wp\/v2\/posts\/2919"}],"collection":[{"href":"https:\/\/yachay.org.bo\/index.php?rest_route=\/wp\/v2\/posts"}],"about":[{"href":"https:\/\/yachay.org.bo\/index.php?rest_route=\/wp\/v2\/types\/post"}],"author":[{"embeddable":true,"href":"https:\/\/yachay.org.bo\/index.php?rest_route=\/wp\/v2\/users\/3"}],"replies":[{"embeddable":true,"href":"https:\/\/yachay.org.bo\/index.php?rest_route=%2Fwp%2Fv2%2Fcomments&post=2919"}],"version-history":[{"count":1,"href":"https:\/\/yachay.org.bo\/index.php?rest_route=\/wp\/v2\/posts\/2919\/revisions"}],"predecessor-version":[{"id":2921,"href":"https:\/\/yachay.org.bo\/index.php?rest_route=\/wp\/v2\/posts\/2919\/revisions\/2921"}],"wp:featuredmedia":[{"embeddable":true,"href":"https:\/\/yachay.org.bo\/index.php?rest_route=\/wp\/v2\/media\/2920"}],"wp:attachment":[{"href":"https:\/\/yachay.org.bo\/index.php?rest_route=%2Fwp%2Fv2%2Fmedia&parent=2919"}],"wp:term":[{"taxonomy":"category","embeddable":true,"href":"https:\/\/yachay.org.bo\/index.php?rest_route=%2Fwp%2Fv2%2Fcategories&post=2919"},{"taxonomy":"post_tag","embeddable":true,"href":"https:\/\/yachay.org.bo\/index.php?rest_route=%2Fwp%2Fv2%2Ftags&post=2919"}],"curies":[{"name":"wp","href":"https:\/\/api.w.org\/{rel}","templated":true}]}}