{"id":2916,"date":"2026-04-15T14:22:43","date_gmt":"2026-04-15T18:22:43","guid":{"rendered":"https:\/\/yachay.org.bo\/?p=2916"},"modified":"2026-04-15T14:22:44","modified_gmt":"2026-04-15T18:22:44","slug":"taller-sobre-comunicacion-y-organizacion-colectiva-en-melga-appacrem","status":"publish","type":"post","link":"https:\/\/yachay.org.bo\/?p=2916","title":{"rendered":"Taller sobre comunicaci\u00f3n y organizaci\u00f3n colectiva en Melga, APPACREM"},"content":{"rendered":"\n<p>Con el objetivo de promover habilidades en comunicaci\u00f3n asertiva para la toma de decisiones, la construcci\u00f3n de acuerdos y la resoluci\u00f3n de conflictos, desarrollamos el primer taller sobre Comunicaci\u00f3n y Organizaci\u00f3n Colectiva.<\/p>\n\n\n\n<p>La actividad estuvo dirigida a la Asociaci\u00f3n de Productoras y Productores Agropecuarios Central Regional Melga (APPACREM), fortaleciendo sus capacidades de di\u00e1logo y organizaci\u00f3n.<\/p>\n\n\n\n<p>Participaron 15 mujeres y 3 varones, quienes compartieron experiencias y aprendizajes para mejorar la cohesi\u00f3n y el trabajo colectivo en la comunidad.<\/p>\n\n\n\n<figure class=\"wp-block-gallery has-nested-images columns-default is-cropped wp-block-gallery-1 is-layout-flex wp-block-gallery-is-layout-flex\">\n<figure class=\"wp-block-image size-large\"><img loading=\"lazy\" decoding=\"async\" width=\"959\" height=\"956\" data-id=\"2917\" src=\"https:\/\/yachay.org.bo\/wp-content\/uploads\/2026\/04\/instagram-y-web-2.jpg\" alt=\"\" class=\"wp-image-2917\" srcset=\"https:\/\/yachay.org.bo\/wp-content\/uploads\/2026\/04\/instagram-y-web-2.jpg 959w, https:\/\/yachay.org.bo\/wp-content\/uploads\/2026\/04\/instagram-y-web-2-300x300.jpg 300w, https:\/\/yachay.org.bo\/wp-content\/uploads\/2026\/04\/instagram-y-web-2-150x150.jpg 150w, https:\/\/yachay.org.bo\/wp-content\/uploads\/2026\/04\/instagram-y-web-2-768x766.jpg 768w, https:\/\/yachay.org.bo\/wp-content\/uploads\/2026\/04\/instagram-y-web-2-270x270.jpg 270w, https:\/\/yachay.org.bo\/wp-content\/uploads\/2026\/04\/instagram-y-web-2-230x230.jpg 230w, https:\/\/yachay.org.bo\/wp-content\/uploads\/2026\/04\/instagram-y-web-2-45x45.jpg 45w, https:\/\/yachay.org.bo\/wp-content\/uploads\/2026\/04\/instagram-y-web-2-600x598.jpg 600w, https:\/\/yachay.org.bo\/wp-content\/uploads\/2026\/04\/instagram-y-web-2-100x100.jpg 100w\" sizes=\"(max-width: 959px) 100vw, 959px\" \/><\/figure>\n<\/figure>\n","protected":false},"excerpt":{"rendered":"<p>Con el objetivo de promover habilidades en comunicaci\u00f3n asertiva para la toma de decisiones, la construcci\u00f3n de acuerdos y la resoluci\u00f3n de conflictos, desarrollamos el primer taller sobre Comunicaci\u00f3n y Organizaci\u00f3n Colectiva. La actividad estuvo dirigida a la Asociaci\u00f3n de<\/p>\n","protected":false},"author":3,"featured_media":2917,"comment_status":"open","ping_status":"open","sticky":false,"template":"","format":"standard","meta":{"_monsterinsights_skip_tracking":false,"_monsterinsights_sitenote_active":false,"_monsterinsights_sitenote_note":"","_monsterinsights_sitenote_category":0,"footnotes":""},"categories":[1],"tags":[],"aioseo_notices":[],"_links":{"self":[{"href":"https:\/\/yachay.org.bo\/index.php?rest_route=\/wp\/v2\/posts\/2916"}],"collection":[{"href":"https:\/\/yachay.org.bo\/index.php?rest_route=\/wp\/v2\/posts"}],"about":[{"href":"https:\/\/yachay.org.bo\/index.php?rest_route=\/wp\/v2\/types\/post"}],"author":[{"embeddable":true,"href":"https:\/\/yachay.org.bo\/index.php?rest_route=\/wp\/v2\/users\/3"}],"replies":[{"embeddable":true,"href":"https:\/\/yachay.org.bo\/index.php?rest_route=%2Fwp%2Fv2%2Fcomments&post=2916"}],"version-history":[{"count":1,"href":"https:\/\/yachay.org.bo\/index.php?rest_route=\/wp\/v2\/posts\/2916\/revisions"}],"predecessor-version":[{"id":2918,"href":"https:\/\/yachay.org.bo\/index.php?rest_route=\/wp\/v2\/posts\/2916\/revisions\/2918"}],"wp:featuredmedia":[{"embeddable":true,"href":"https:\/\/yachay.org.bo\/index.php?rest_route=\/wp\/v2\/media\/2917"}],"wp:attachment":[{"href":"https:\/\/yachay.org.bo\/index.php?rest_route=%2Fwp%2Fv2%2Fmedia&parent=2916"}],"wp:term":[{"taxonomy":"category","embeddable":true,"href":"https:\/\/yachay.org.bo\/index.php?rest_route=%2Fwp%2Fv2%2Fcategories&post=2916"},{"taxonomy":"post_tag","embeddable":true,"href":"https:\/\/yachay.org.bo\/index.php?rest_route=%2Fwp%2Fv2%2Ftags&post=2916"}],"curies":[{"name":"wp","href":"https:\/\/api.w.org\/{rel}","templated":true}]}}